{"id":12855,"date":"2021-04-01T21:13:22","date_gmt":"2021-04-01T21:13:22","guid":{"rendered":"https:\/\/www.techniproind.com\/?p=12855"},"modified":"2023-03-07T14:51:00","modified_gmt":"2023-03-07T14:51:00","slug":"ouvrier-ouvriere-a-la-machine-a-fendre-les-dalles-de-pierre","status":"publish","type":"post","link":"https:\/\/www.techniproind.com\/en\/ouvrier-ouvriere-a-la-machine-a-fendre-les-dalles-de-pierre\/","title":{"rendered":"ouvrier\/ouvri\u00e8re \u00e0 la machine \u00e0 fendre les dalles de pierre"},"content":{"rendered":"<div class=\"fusion-fullwidth fullwidth-box fusion-builder-row-1 nonhundred-percent-fullwidth non-hundred-percent-height-scrolling\" style=\"--awb-border-radius-top-left:0px;--awb-border-radius-top-right:0px;--awb-border-radius-bottom-right:0px;--awb-border-radius-bottom-left:0px;--awb-flex-wrap:wrap;\" ><div class=\"fusion-builder-row fusion-row\"><div class=\"fusion-layout-column fusion_builder_column fusion-builder-column-0 fusion_builder_column_1_1 1_1 fusion-one-full fusion-column-first fusion-column-last\" style=\"--awb-bg-size:cover;--awb-margin-bottom:0px;\"><div class=\"fusion-column-wrapper fusion-flex-column-wrapper-legacy\"><div class=\"fusion-text fusion-text-1\"><h4>Description du poste<\/h4>\n<div class=\"jobs-JobDescription\">\n<div class=\"jobs-JobDescription\">\n<p>Bonjour,<\/p>\n<p>(Aucune formation n\u2019est requise, la formation est donn\u00e9e sur place par notre \u00e9quipe) Aucune exigence linguistique \u2013 langue fran\u00e7aise ou anglaise<\/p>\n<p>Sous la responsabilit\u00e9 du directeur des Carri\u00e8res, le titulaire de l\u2019emploi effectue les t\u00e2ches suivantes pour soutenir la production \u00e0 diff\u00e9rents niveaux. Sciage : Op\u00e9rer des scies \u00e0 c\u00e2bles diamant\u00e9s pour l\u2019extraction du granit selon la m\u00e9thodologie d\u2019utilisation des \u00e9quipements de sciage Fournir les donn\u00e9es d\u2019extraction quotidiennement Maximiser la r\u00e9cup\u00e9ration de blocs de dimension optimale \u00e0 l\u2019int\u00e9rieur d\u2019un banc de granit et r\u00e9alisant des coupes parall\u00e8les et perpendiculaires Entretenir et v\u00e9rifier quotidiennement son \u00e9quipement. Forage : Op\u00e9rer des foreuses pneumatiques ou hydrauliques pour l\u2019extraction du granit selon la m\u00e9thodologie d\u2019utilisation des \u00e9quipements de forage D\u00e9terminer l\u2019emplacement et l\u2019angle des trous \u00e0 forer Entretenir et v\u00e9rifier quotidiennement son \u00e9quipement. Cassage : Percer des trous au marteau pneumatique le long de la rainure D\u00e9tacher le bloc avec des coins d\u2019abattage ou des plats-coins \u00c9quarrir les blocs afin de respecter le poids de transport. EXIGENCES Aucune formation n\u2019est requise, la formation est donn\u00e9e sur place par notre \u00e9quipe; Aucune exigence linguistique \u2013 langue fran\u00e7aise et anglaise couramment utilis\u00e9es; Avoir de bonnes capacit\u00e9s physiques. Vous devez faire preuve d\u2019autonomie, de d\u00e9brouillardise et \u00eatre capable de travailler en \u00e9quipe.<\/p>\n<p>Niveau d&rsquo;\u00e9tudes\u00a0:<br \/>\nSecondaire<br \/>\nNon termin\u00e9<\/p>\n<p>Ann\u00e9es d&rsquo;exp\u00e9rience reli\u00e9es \u00e0 l&#8217;emploi\u00a0:1 \u00e0 6 mois d&rsquo;exp\u00e9rience<br \/>\nDescription des comp\u00e9tences\u00a0: (Aucune formation n\u2019est requise, la formation est donn\u00e9e sur place par notre \u00e9quipe) Aucune exigence linguistique \u2013 langue fran\u00e7aise ou anglaise CONDITIONS Salaire selon l\u2019exp\u00e9rience et station occup\u00e9, pouvant aller jusqu\u2019\u00e0 24,44$\/heure; Prime de soir : 1$\/heure; Quart de travail : possibilit\u00e9 d\u2019\u00eatre de jour ou soir, selon l\u2019\u00e9volution des besoins; Statut d\u2019emploi : permanent, temps plein \u2013 40 heures semaine Assurances collectives, r\u00e9gime de retraite, programme d\u2019aide aux employ\u00e9s et programme de t\u00e9l\u00e9m\u00e9decine \u00ab Dialogue \u00bb.<\/p>\n<p>Langues demand\u00e9es\u00a0:<br \/>\nlangues parl\u00e9es\u00a0: fran\u00e7ais et anglais<br \/>\nlangues \u00e9crites\u00a0: fran\u00e7ais<\/p>\n<p>Salaire offert\u00a0: selon exp\u00e9rience de : 23,44$ \u00e0 : 24,44$ &#8211; de l&rsquo;heure<br \/>\nAutre forme de r\u00e9mun\u00e9ration\u00a0: commission ou prime au rendement<\/p>\n<p>Nombre d&rsquo;heures par semaine\u00a0: 40,00<\/p>\n<p>Conditions diverses\u00a0: CONDITIONS Salaire selon l\u2019exp\u00e9rience et station occup\u00e9, pouvant aller jusqu\u2019\u00e0 24,44$\/heure; Prime de soir : 1$\/heure; Quart de travail : possibilit\u00e9 d\u2019\u00eatre de jour ou soir, selon l\u2019\u00e9volution des besoins; Statut d\u2019emploi : permanent, temps plein \u2013 40 heures semaine Assurances collectives, r\u00e9gime de retraite, programme d\u2019aide aux employ\u00e9s et programme de t\u00e9l\u00e9m\u00e9decine \u00ab Dialogue \u00bb.<\/p>\n<p>Statut d&#8217;emploi\u00a0:<br \/>\npermanent<br \/>\ntemps plein<br \/>\njour, soir<\/p>\n<p>Date pr\u00e9vue d&rsquo;entr\u00e9e en fonction\u00a0: 2021-04-05<\/p>\n<\/div>\n<\/div>\n<\/div><div class=\"fusion-button-wrapper\"><a class=\"fusion-button button-flat button-medium button-custom fusion-button-default button-1 fusion-button-default-span fusion-button-default-type\" style=\"--button_accent_color:#2c569a;--button_border_color:#2c569a;--button_accent_hover_color:#ffffff;--button_border_hover_color:#ffffff;--button_border_width-top:1px;--button_border_width-right:1px;--button_border_width-bottom:1px;--button_border_width-left:1px;--button_gradient_top_color:rgba(44,86,154,0);--button_gradient_bottom_color:rgba(44,86,154,0);--button_gradient_top_color_hover:#2c569a;--button_gradient_bottom_color_hover:#2c569a;--button_text_transform:uppercase;\" target=\"_blank\" rel=\"noopener noreferrer\" href=\"http:\/\/placement.emploiquebec.gouv.qc.ca\/mbe\/ut\/suivroffrs\/apercoffr.asp?nooffr=7927864&amp;page=rech&amp;prov=http%3A%2F%2Fplacement.emploiquebec.gouv.qc.ca%2Fmbe%2Fut%2Frechroffr%2Ferechroffr.asp&amp;CL=french&amp;fbclid=IwAR2ZCsERLHQZWrEtoP2JbQAWLH8v4ANtHm30PlojU8WfD15dqFaKkSUEh8w\"><span class=\"fusion-button-text awb-button__text awb-button__text--default\">Continuer pour postuler<\/span><\/a><\/div><div class=\"fusion-clearfix\"><\/div><\/div><\/div><\/div><\/div>","protected":false},"excerpt":{"rendered":"","protected":false},"author":1,"featured_media":12702,"comment_status":"open","ping_status":"open","sticky":false,"template":"","format":"standard","meta":{"footnotes":""},"categories":[511],"tags":[53],"class_list":["post-12855","post","type-post","status-publish","format-standard","has-post-thumbnail","hentry","category-ouvrier","tag-mecanicien"],"yoast_head":"<!-- This site is optimized with the Yoast SEO Premium plugin v27.4 (Yoast SEO v27.4) - https:\/\/yoast.com\/product\/yoast-seo-premium-wordpress\/ -->\n<title>techniproind.com - ouvrier\/ouvri\u00e8re \u00e0 la machine \u00e0 fendre les dalles de pierre ouvrier<\/title>\n<meta name=\"description\" content=\"Sous la responsabilit\u00e9 du directeur des Carri\u00e8res, le titulaire de l\u2019emploi effectue les t\u00e2ches suivantes pour soutenir la production...\" \/>\n<meta name=\"robots\" content=\"index, follow, max-snippet:-1, max-image-preview:large, max-video-preview:-1\" \/>\n<link rel=\"canonical\" href=\"https:\/\/www.techniproind.com\/en\/ouvrier-ouvriere-a-la-machine-a-fendre-les-dalles-de-pierre\/\" \/>\n<meta property=\"og:locale\" content=\"en_US\" \/>\n<meta property=\"og:type\" content=\"article\" \/>\n<meta property=\"og:title\" content=\"ouvrier\/ouvri\u00e8re \u00e0 la machine \u00e0 fendre les dalles de pierre\" \/>\n<meta property=\"og:description\" content=\"Sous la responsabilit\u00e9 du directeur des Carri\u00e8res, le titulaire de l\u2019emploi effectue les t\u00e2ches suivantes pour soutenir la production...\" \/>\n<meta property=\"og:url\" content=\"https:\/\/www.techniproind.com\/en\/ouvrier-ouvriere-a-la-machine-a-fendre-les-dalles-de-pierre\/\" \/>\n<meta property=\"og:site_name\" content=\"techniproind.com\" \/>\n<meta property=\"article:publisher\" content=\"https:\/\/www.facebook.com\/Techniproind\/\" \/>\n<meta property=\"article:published_time\" content=\"2021-04-01T21:13:22+00:00\" \/>\n<meta property=\"article:modified_time\" content=\"2023-03-07T14:51:00+00:00\" \/>\n<meta property=\"og:image\" content=\"https:\/\/www.techniproind.com\/wp-content\/uploads\/2020\/05\/combler-08.jpg\" \/>\n\t<meta property=\"og:image:width\" content=\"720\" \/>\n\t<meta property=\"og:image:height\" content=\"481\" \/>\n\t<meta property=\"og:image:type\" content=\"image\/jpeg\" \/>\n<meta name=\"author\" content=\"tpiadmin\" \/>\n<meta name=\"twitter:card\" content=\"summary_large_image\" \/>\n<meta name=\"twitter:label1\" content=\"Written by\" \/>\n\t<meta name=\"twitter:data1\" content=\"tpiadmin\" \/>\n\t<meta name=\"twitter:label2\" content=\"Est. reading time\" \/>\n\t<meta name=\"twitter:data2\" content=\"3 minutes\" \/>\n<script type=\"application\/ld+json\" class=\"yoast-schema-graph\">{\"@context\":\"https:\\\/\\\/schema.org\",\"@graph\":[{\"@type\":\"Article\",\"@id\":\"https:\\\/\\\/www.techniproind.com\\\/ouvrier-ouvriere-a-la-machine-a-fendre-les-dalles-de-pierre\\\/#article\",\"isPartOf\":{\"@id\":\"https:\\\/\\\/www.techniproind.com\\\/ouvrier-ouvriere-a-la-machine-a-fendre-les-dalles-de-pierre\\\/\"},\"author\":{\"name\":\"tpiadmin\",\"@id\":\"https:\\\/\\\/www.techniproind.com\\\/#\\\/schema\\\/person\\\/86212ee9da7522c3f4e1d6ee7367f751\"},\"headline\":\"ouvrier\\\/ouvri\u00e8re \u00e0 la machine \u00e0 fendre les dalles de pierre\",\"datePublished\":\"2021-04-01T21:13:22+00:00\",\"dateModified\":\"2023-03-07T14:51:00+00:00\",\"mainEntityOfPage\":{\"@id\":\"https:\\\/\\\/www.techniproind.com\\\/ouvrier-ouvriere-a-la-machine-a-fendre-les-dalles-de-pierre\\\/\"},\"wordCount\":863,\"commentCount\":0,\"publisher\":{\"@id\":\"https:\\\/\\\/www.techniproind.com\\\/#organization\"},\"image\":{\"@id\":\"https:\\\/\\\/www.techniproind.com\\\/ouvrier-ouvriere-a-la-machine-a-fendre-les-dalles-de-pierre\\\/#primaryimage\"},\"thumbnailUrl\":\"https:\\\/\\\/www.techniproind.com\\\/wp-content\\\/uploads\\\/2020\\\/05\\\/combler-08.jpg\",\"keywords\":[\"mecanicien\"],\"articleSection\":[\"ouvrier\"],\"inLanguage\":\"en-CA\",\"potentialAction\":[{\"@type\":\"CommentAction\",\"name\":\"Comment\",\"target\":[\"https:\\\/\\\/www.techniproind.com\\\/ouvrier-ouvriere-a-la-machine-a-fendre-les-dalles-de-pierre\\\/#respond\"]}]},{\"@type\":\"WebPage\",\"@id\":\"https:\\\/\\\/www.techniproind.com\\\/ouvrier-ouvriere-a-la-machine-a-fendre-les-dalles-de-pierre\\\/\",\"url\":\"https:\\\/\\\/www.techniproind.com\\\/ouvrier-ouvriere-a-la-machine-a-fendre-les-dalles-de-pierre\\\/\",\"name\":\"techniproind.com - ouvrier\\\/ouvri\u00e8re \u00e0 la machine \u00e0 fendre les dalles de pierre ouvrier\",\"isPartOf\":{\"@id\":\"https:\\\/\\\/www.techniproind.com\\\/#website\"},\"primaryImageOfPage\":{\"@id\":\"https:\\\/\\\/www.techniproind.com\\\/ouvrier-ouvriere-a-la-machine-a-fendre-les-dalles-de-pierre\\\/#primaryimage\"},\"image\":{\"@id\":\"https:\\\/\\\/www.techniproind.com\\\/ouvrier-ouvriere-a-la-machine-a-fendre-les-dalles-de-pierre\\\/#primaryimage\"},\"thumbnailUrl\":\"https:\\\/\\\/www.techniproind.com\\\/wp-content\\\/uploads\\\/2020\\\/05\\\/combler-08.jpg\",\"datePublished\":\"2021-04-01T21:13:22+00:00\",\"dateModified\":\"2023-03-07T14:51:00+00:00\",\"description\":\"Sous la responsabilit\u00e9 du directeur des Carri\u00e8res, le titulaire de l\u2019emploi effectue les t\u00e2ches suivantes pour soutenir la production...\",\"breadcrumb\":{\"@id\":\"https:\\\/\\\/www.techniproind.com\\\/ouvrier-ouvriere-a-la-machine-a-fendre-les-dalles-de-pierre\\\/#breadcrumb\"},\"inLanguage\":\"en-CA\",\"potentialAction\":[{\"@type\":\"ReadAction\",\"target\":[\"https:\\\/\\\/www.techniproind.com\\\/ouvrier-ouvriere-a-la-machine-a-fendre-les-dalles-de-pierre\\\/\"]}]},{\"@type\":\"ImageObject\",\"inLanguage\":\"en-CA\",\"@id\":\"https:\\\/\\\/www.techniproind.com\\\/ouvrier-ouvriere-a-la-machine-a-fendre-les-dalles-de-pierre\\\/#primaryimage\",\"url\":\"https:\\\/\\\/www.techniproind.com\\\/wp-content\\\/uploads\\\/2020\\\/05\\\/combler-08.jpg\",\"contentUrl\":\"https:\\\/\\\/www.techniproind.com\\\/wp-content\\\/uploads\\\/2020\\\/05\\\/combler-08.jpg\",\"width\":720,\"height\":481},{\"@type\":\"BreadcrumbList\",\"@id\":\"https:\\\/\\\/www.techniproind.com\\\/ouvrier-ouvriere-a-la-machine-a-fendre-les-dalles-de-pierre\\\/#breadcrumb\",\"itemListElement\":[{\"@type\":\"ListItem\",\"position\":1,\"name\":\"Accueil\",\"item\":\"https:\\\/\\\/www.techniproind.com\\\/\"},{\"@type\":\"ListItem\",\"position\":2,\"name\":\"ouvrier\\\/ouvri\u00e8re \u00e0 la machine \u00e0 fendre les dalles de pierre\"}]},{\"@type\":\"WebSite\",\"@id\":\"https:\\\/\\\/www.techniproind.com\\\/#website\",\"url\":\"https:\\\/\\\/www.techniproind.com\\\/\",\"name\":\"techniproind.com\",\"description\":\"Agence de placement\",\"publisher\":{\"@id\":\"https:\\\/\\\/www.techniproind.com\\\/#organization\"},\"potentialAction\":[{\"@type\":\"SearchAction\",\"target\":{\"@type\":\"EntryPoint\",\"urlTemplate\":\"https:\\\/\\\/www.techniproind.com\\\/?s={search_term_string}\"},\"query-input\":{\"@type\":\"PropertyValueSpecification\",\"valueRequired\":true,\"valueName\":\"search_term_string\"}}],\"inLanguage\":\"en-CA\"},{\"@type\":\"Organization\",\"@id\":\"https:\\\/\\\/www.techniproind.com\\\/#organization\",\"name\":\"techni-pro industriel inc\",\"url\":\"https:\\\/\\\/www.techniproind.com\\\/\",\"logo\":{\"@type\":\"ImageObject\",\"inLanguage\":\"en-CA\",\"@id\":\"https:\\\/\\\/www.techniproind.com\\\/#\\\/schema\\\/logo\\\/image\\\/\",\"url\":\"https:\\\/\\\/www.techniproind.com\\\/wp-content\\\/uploads\\\/2019\\\/06\\\/logo.png\",\"contentUrl\":\"https:\\\/\\\/www.techniproind.com\\\/wp-content\\\/uploads\\\/2019\\\/06\\\/logo.png\",\"width\":429,\"height\":109,\"caption\":\"techni-pro industriel inc\"},\"image\":{\"@id\":\"https:\\\/\\\/www.techniproind.com\\\/#\\\/schema\\\/logo\\\/image\\\/\"},\"sameAs\":[\"https:\\\/\\\/www.facebook.com\\\/Techniproind\\\/\",\"https:\\\/\\\/www.linkedin.com\\\/company\\\/techni-pro-industriel-inc\\\/\"]},{\"@type\":\"Person\",\"@id\":\"https:\\\/\\\/www.techniproind.com\\\/#\\\/schema\\\/person\\\/86212ee9da7522c3f4e1d6ee7367f751\",\"name\":\"tpiadmin\",\"image\":{\"@type\":\"ImageObject\",\"inLanguage\":\"en-CA\",\"@id\":\"https:\\\/\\\/secure.gravatar.com\\\/avatar\\\/0325aecae1eb839607178fcdea166d647408a400e5add70ce34774edb0293e69?s=96&d=mm&r=g\",\"url\":\"https:\\\/\\\/secure.gravatar.com\\\/avatar\\\/0325aecae1eb839607178fcdea166d647408a400e5add70ce34774edb0293e69?s=96&d=mm&r=g\",\"contentUrl\":\"https:\\\/\\\/secure.gravatar.com\\\/avatar\\\/0325aecae1eb839607178fcdea166d647408a400e5add70ce34774edb0293e69?s=96&d=mm&r=g\",\"caption\":\"tpiadmin\"}}]}<\/script>\n<!-- \/ Yoast SEO Premium plugin. -->","yoast_head_json":{"title":"techniproind.com - ouvrier\/ouvri\u00e8re \u00e0 la machine \u00e0 fendre les dalles de pierre ouvrier","description":"Sous la responsabilit\u00e9 du directeur des Carri\u00e8res, le titulaire de l\u2019emploi effectue les t\u00e2ches suivantes pour soutenir la production...","robots":{"index":"index","follow":"follow","max-snippet":"max-snippet:-1","max-image-preview":"max-image-preview:large","max-video-preview":"max-video-preview:-1"},"canonical":"https:\/\/www.techniproind.com\/en\/ouvrier-ouvriere-a-la-machine-a-fendre-les-dalles-de-pierre\/","og_locale":"en_US","og_type":"article","og_title":"ouvrier\/ouvri\u00e8re \u00e0 la machine \u00e0 fendre les dalles de pierre","og_description":"Sous la responsabilit\u00e9 du directeur des Carri\u00e8res, le titulaire de l\u2019emploi effectue les t\u00e2ches suivantes pour soutenir la production...","og_url":"https:\/\/www.techniproind.com\/en\/ouvrier-ouvriere-a-la-machine-a-fendre-les-dalles-de-pierre\/","og_site_name":"techniproind.com","article_publisher":"https:\/\/www.facebook.com\/Techniproind\/","article_published_time":"2021-04-01T21:13:22+00:00","article_modified_time":"2023-03-07T14:51:00+00:00","og_image":[{"width":720,"height":481,"url":"https:\/\/www.techniproind.com\/wp-content\/uploads\/2020\/05\/combler-08.jpg","type":"image\/jpeg"}],"author":"tpiadmin","twitter_card":"summary_large_image","twitter_misc":{"Written by":"tpiadmin","Est. reading time":"3 minutes"},"schema":{"@context":"https:\/\/schema.org","@graph":[{"@type":"Article","@id":"https:\/\/www.techniproind.com\/ouvrier-ouvriere-a-la-machine-a-fendre-les-dalles-de-pierre\/#article","isPartOf":{"@id":"https:\/\/www.techniproind.com\/ouvrier-ouvriere-a-la-machine-a-fendre-les-dalles-de-pierre\/"},"author":{"name":"tpiadmin","@id":"https:\/\/www.techniproind.com\/#\/schema\/person\/86212ee9da7522c3f4e1d6ee7367f751"},"headline":"ouvrier\/ouvri\u00e8re \u00e0 la machine \u00e0 fendre les dalles de pierre","datePublished":"2021-04-01T21:13:22+00:00","dateModified":"2023-03-07T14:51:00+00:00","mainEntityOfPage":{"@id":"https:\/\/www.techniproind.com\/ouvrier-ouvriere-a-la-machine-a-fendre-les-dalles-de-pierre\/"},"wordCount":863,"commentCount":0,"publisher":{"@id":"https:\/\/www.techniproind.com\/#organization"},"image":{"@id":"https:\/\/www.techniproind.com\/ouvrier-ouvriere-a-la-machine-a-fendre-les-dalles-de-pierre\/#primaryimage"},"thumbnailUrl":"https:\/\/www.techniproind.com\/wp-content\/uploads\/2020\/05\/combler-08.jpg","keywords":["mecanicien"],"articleSection":["ouvrier"],"inLanguage":"en-CA","potentialAction":[{"@type":"CommentAction","name":"Comment","target":["https:\/\/www.techniproind.com\/ouvrier-ouvriere-a-la-machine-a-fendre-les-dalles-de-pierre\/#respond"]}]},{"@type":"WebPage","@id":"https:\/\/www.techniproind.com\/ouvrier-ouvriere-a-la-machine-a-fendre-les-dalles-de-pierre\/","url":"https:\/\/www.techniproind.com\/ouvrier-ouvriere-a-la-machine-a-fendre-les-dalles-de-pierre\/","name":"techniproind.com - ouvrier\/ouvri\u00e8re \u00e0 la machine \u00e0 fendre les dalles de pierre ouvrier","isPartOf":{"@id":"https:\/\/www.techniproind.com\/#website"},"primaryImageOfPage":{"@id":"https:\/\/www.techniproind.com\/ouvrier-ouvriere-a-la-machine-a-fendre-les-dalles-de-pierre\/#primaryimage"},"image":{"@id":"https:\/\/www.techniproind.com\/ouvrier-ouvriere-a-la-machine-a-fendre-les-dalles-de-pierre\/#primaryimage"},"thumbnailUrl":"https:\/\/www.techniproind.com\/wp-content\/uploads\/2020\/05\/combler-08.jpg","datePublished":"2021-04-01T21:13:22+00:00","dateModified":"2023-03-07T14:51:00+00:00","description":"Sous la responsabilit\u00e9 du directeur des Carri\u00e8res, le titulaire de l\u2019emploi effectue les t\u00e2ches suivantes pour soutenir la production...","breadcrumb":{"@id":"https:\/\/www.techniproind.com\/ouvrier-ouvriere-a-la-machine-a-fendre-les-dalles-de-pierre\/#breadcrumb"},"inLanguage":"en-CA","potentialAction":[{"@type":"ReadAction","target":["https:\/\/www.techniproind.com\/ouvrier-ouvriere-a-la-machine-a-fendre-les-dalles-de-pierre\/"]}]},{"@type":"ImageObject","inLanguage":"en-CA","@id":"https:\/\/www.techniproind.com\/ouvrier-ouvriere-a-la-machine-a-fendre-les-dalles-de-pierre\/#primaryimage","url":"https:\/\/www.techniproind.com\/wp-content\/uploads\/2020\/05\/combler-08.jpg","contentUrl":"https:\/\/www.techniproind.com\/wp-content\/uploads\/2020\/05\/combler-08.jpg","width":720,"height":481},{"@type":"BreadcrumbList","@id":"https:\/\/www.techniproind.com\/ouvrier-ouvriere-a-la-machine-a-fendre-les-dalles-de-pierre\/#breadcrumb","itemListElement":[{"@type":"ListItem","position":1,"name":"Accueil","item":"https:\/\/www.techniproind.com\/"},{"@type":"ListItem","position":2,"name":"ouvrier\/ouvri\u00e8re \u00e0 la machine \u00e0 fendre les dalles de pierre"}]},{"@type":"WebSite","@id":"https:\/\/www.techniproind.com\/#website","url":"https:\/\/www.techniproind.com\/","name":"techniproind.com","description":"Agence de placement","publisher":{"@id":"https:\/\/www.techniproind.com\/#organization"},"potentialAction":[{"@type":"SearchAction","target":{"@type":"EntryPoint","urlTemplate":"https:\/\/www.techniproind.com\/?s={search_term_string}"},"query-input":{"@type":"PropertyValueSpecification","valueRequired":true,"valueName":"search_term_string"}}],"inLanguage":"en-CA"},{"@type":"Organization","@id":"https:\/\/www.techniproind.com\/#organization","name":"techni-pro industriel inc","url":"https:\/\/www.techniproind.com\/","logo":{"@type":"ImageObject","inLanguage":"en-CA","@id":"https:\/\/www.techniproind.com\/#\/schema\/logo\/image\/","url":"https:\/\/www.techniproind.com\/wp-content\/uploads\/2019\/06\/logo.png","contentUrl":"https:\/\/www.techniproind.com\/wp-content\/uploads\/2019\/06\/logo.png","width":429,"height":109,"caption":"techni-pro industriel inc"},"image":{"@id":"https:\/\/www.techniproind.com\/#\/schema\/logo\/image\/"},"sameAs":["https:\/\/www.facebook.com\/Techniproind\/","https:\/\/www.linkedin.com\/company\/techni-pro-industriel-inc\/"]},{"@type":"Person","@id":"https:\/\/www.techniproind.com\/#\/schema\/person\/86212ee9da7522c3f4e1d6ee7367f751","name":"tpiadmin","image":{"@type":"ImageObject","inLanguage":"en-CA","@id":"https:\/\/secure.gravatar.com\/avatar\/0325aecae1eb839607178fcdea166d647408a400e5add70ce34774edb0293e69?s=96&d=mm&r=g","url":"https:\/\/secure.gravatar.com\/avatar\/0325aecae1eb839607178fcdea166d647408a400e5add70ce34774edb0293e69?s=96&d=mm&r=g","contentUrl":"https:\/\/secure.gravatar.com\/avatar\/0325aecae1eb839607178fcdea166d647408a400e5add70ce34774edb0293e69?s=96&d=mm&r=g","caption":"tpiadmin"}}]}},"_links":{"self":[{"href":"https:\/\/www.techniproind.com\/en\/wp-json\/wp\/v2\/posts\/12855","targetHints":{"allow":["GET"]}}],"collection":[{"href":"https:\/\/www.techniproind.com\/en\/wp-json\/wp\/v2\/posts"}],"about":[{"href":"https:\/\/www.techniproind.com\/en\/wp-json\/wp\/v2\/types\/post"}],"author":[{"embeddable":true,"href":"https:\/\/www.techniproind.com\/en\/wp-json\/wp\/v2\/users\/1"}],"replies":[{"embeddable":true,"href":"https:\/\/www.techniproind.com\/en\/wp-json\/wp\/v2\/comments?post=12855"}],"version-history":[{"count":3,"href":"https:\/\/www.techniproind.com\/en\/wp-json\/wp\/v2\/posts\/12855\/revisions"}],"predecessor-version":[{"id":12928,"href":"https:\/\/www.techniproind.com\/en\/wp-json\/wp\/v2\/posts\/12855\/revisions\/12928"}],"wp:featuredmedia":[{"embeddable":true,"href":"https:\/\/www.techniproind.com\/en\/wp-json\/wp\/v2\/media\/12702"}],"wp:attachment":[{"href":"https:\/\/www.techniproind.com\/en\/wp-json\/wp\/v2\/media?parent=12855"}],"wp:term":[{"taxonomy":"category","embeddable":true,"href":"https:\/\/www.techniproind.com\/en\/wp-json\/wp\/v2\/categories?post=12855"},{"taxonomy":"post_tag","embeddable":true,"href":"https:\/\/www.techniproind.com\/en\/wp-json\/wp\/v2\/tags?post=12855"}],"curies":[{"name":"wp","href":"https:\/\/api.w.org\/{rel}","templated":true}]}}